{"id":1841,"date":"2021-12-19T12:33:48","date_gmt":"2021-12-19T15:33:48","guid":{"rendered":"https:\/\/py2gw.qsl.br\/?p=1841"},"modified":"2022-01-11T16:22:09","modified_gmt":"2022-01-11T19:22:09","slug":"onde-instalar-sua-torre-e-antenas-o-municipio-podera-opinar","status":"publish","type":"post","link":"https:\/\/py2gw.qsl.br\/?p=1841","title":{"rendered":"Onde instalar sua torre e antenas: o munic\u00edpio poder\u00e1 opinar"},"content":{"rendered":"<p style=\"text-align: justify;\"><strong>Minist\u00e9rio P\u00fablico Federal &#8211; PF defende que munic\u00edpios podem legislar sobre licenciamento e instala\u00e7\u00e3o de esta\u00e7\u00f5es de r\u00e1dio base<\/strong><\/p>\n<p style=\"text-align: justify;\">Em parecer enviado ao Supremo Tribunal Federal &#8211; STF, nesta segunda-feira (13\/12\/2021), o Minist\u00e9rio P\u00fablico Federal (MPF) defende que os munic\u00edpios t\u00eam compet\u00eancia para legislar sobre licenciamento e instala\u00e7\u00e3o de esta\u00e7\u00f5es de r\u00e1dio base. O MPF entende que o assunto diz respeito ao uso e \u00e0 ocupa\u00e7\u00e3o do solo urbano, mat\u00e9ria de interesse local, n\u00e3o caracterizando viola\u00e7\u00e3o \u00e0 compet\u00eancia da Uni\u00e3o para legislar sobre telecomunica\u00e7\u00f5es.<\/p>\n<p style=\"text-align: justify;\">Para a subprocuradora-geral da Rep\u00fablica Cl\u00e1udia Marques, que assina o parecer, leis locais que eventualmente disponham sobre telecomunica\u00e7\u00f5es e radiofus\u00e3o de forma geral (pot\u00eancia dos equipamentos, especifica\u00e7\u00f5es t\u00e9cnicas etc) s\u00e3o inconstitucionais, por violar a compet\u00eancia da Uni\u00e3o. No entanto, segundo ela, <strong>normas locais acerca do uso e da ocupa\u00e7\u00e3o do solo urbano s\u00e3o v\u00e1lidas, porque n\u00e3o conflitam com a compet\u00eancia privativa da Uni\u00e3o<\/strong>.<\/p>\n<p style=\"text-align: justify;\">A manifesta\u00e7\u00e3o foi em agravos (recursos) interpostos pelas empresas Claro e Oi M\u00f3vel nos quais se discute a exist\u00eancia de esta\u00e7\u00f5es de r\u00e1dio base instaladas clandestinamente na cidade de Amparo (SP). O munic\u00edpio ajuizou a\u00e7\u00e3o civil p\u00fablica contra as empresas de telefonia buscando a retirada dos equipamentos de transmiss\u00e3o instalados irregularmente. Ap\u00f3s decis\u00e3o da 1\u00aa Vara da Comarca de Amparo acatando o pedido de retirada dos equipamentos, Claro e Oi M\u00f3vel recorreram ao Tribunal de Justi\u00e7a do Estado de S\u00e3o Paulo (TJSP), que negou seguimento aos recursos. Contra essa decis\u00e3o, as empresas ajuizaram os agravos em an\u00e1lise buscando o seguimento dos recursos extraordin\u00e1rios, que questionam a obriga\u00e7\u00e3o da retirada dos equipamentos de transmiss\u00e3o.<\/p>\n<p style=\"text-align: justify;\">Ao opinar pelo desprovimento dos agravos, Cl\u00e1udia Marques destaca que a decis\u00e3o do TJSP foi acertada e que seria necess\u00e1rio o reexame da legisla\u00e7\u00e3o local para se chegar \u00e0 conclus\u00e3o em sentido diverso. De acordo com ela, n\u00e3o \u00e9 cab\u00edvel esse reexame, por configurar eventual ofensa obl\u00edqua e reflexa \u00e0 Constitui\u00e7\u00e3o, aplica-se a S\u00famula 280 do STF, que determina n\u00e3o caber recurso extraordin\u00e1rio por ofensa a direito local.<\/p>\n","protected":false},"excerpt":{"rendered":"<p>Minist\u00e9rio P\u00fablico Federal &#8211; PF defende que munic\u00edpios podem legislar sobre licenciamento e instala\u00e7\u00e3o de esta\u00e7\u00f5es de r\u00e1dio base Em parecer enviado ao Supremo Tribunal Federal &#8211; STF, nesta segunda-feira (13\/12\/2021), o Minist\u00e9rio P\u00fablico Federal (MPF) defende que os munic\u00edpios &hellip; <a href=\"https:\/\/py2gw.qsl.br\/?p=1841\">Continue lendo <span class=\"meta-nav\">&rarr;<\/span><\/a><\/p>\n","protected":false},"author":8,"featured_media":0,"comment_status":"closed","ping_status":"closed","sticky":false,"template":"","format":"standard","meta":{"footnotes":""},"categories":[14,15],"tags":[190,255],"class_list":["post-1841","post","type-post","status-publish","format-standard","hentry","category-legislacao","category-noticia","tag-lei-da-antena","tag-municipio"],"_links":{"self":[{"href":"https:\/\/py2gw.qsl.br\/index.php?rest_route=\/wp\/v2\/posts\/1841","targetHints":{"allow":["GET"]}}],"collection":[{"href":"https:\/\/py2gw.qsl.br\/index.php?rest_route=\/wp\/v2\/posts"}],"about":[{"href":"https:\/\/py2gw.qsl.br\/index.php?rest_route=\/wp\/v2\/types\/post"}],"author":[{"embeddable":true,"href":"https:\/\/py2gw.qsl.br\/index.php?rest_route=\/wp\/v2\/users\/8"}],"replies":[{"embeddable":true,"href":"https:\/\/py2gw.qsl.br\/index.php?rest_route=%2Fwp%2Fv2%2Fcomments&post=1841"}],"version-history":[{"count":2,"href":"https:\/\/py2gw.qsl.br\/index.php?rest_route=\/wp\/v2\/posts\/1841\/revisions"}],"predecessor-version":[{"id":1868,"href":"https:\/\/py2gw.qsl.br\/index.php?rest_route=\/wp\/v2\/posts\/1841\/revisions\/1868"}],"wp:attachment":[{"href":"https:\/\/py2gw.qsl.br\/index.php?rest_route=%2Fwp%2Fv2%2Fmedia&parent=1841"}],"wp:term":[{"taxonomy":"category","embeddable":true,"href":"https:\/\/py2gw.qsl.br\/index.php?rest_route=%2Fwp%2Fv2%2Fcategories&post=1841"},{"taxonomy":"post_tag","embeddable":true,"href":"https:\/\/py2gw.qsl.br\/index.php?rest_route=%2Fwp%2Fv2%2Ftags&post=1841"}],"curies":[{"name":"wp","href":"https:\/\/api.w.org\/{rel}","templated":true}]}}